[{"@context":"https:\/\/schema.org\/","@type":"Article","@id":"https:\/\/www.csadjbc.cz\/spanelsko-a-jeho-magicka-mista-to-je-jiste-pohled-pro-bohy\/#Article","mainEntityOfPage":"https:\/\/www.csadjbc.cz\/spanelsko-a-jeho-magicka-mista-to-je-jiste-pohled-pro-bohy\/","headline":"\u0160pan\u011blsko a jeho magick\u00e1 m\u00edsta, to je jist\u011b pohled pro bohy","name":"\u0160pan\u011blsko a jeho magick\u00e1 m\u00edsta, to je jist\u011b pohled pro bohy","description":"Kam byste se r\u00e1di vydali na letn\u00ed dovolenou a pro\u010d pr\u00e1v\u011b do \u0160pan\u011blska? Kdy\u017e si vyp\u016fj\u010d\u00edme ok\u0159\u00eddlen\u00fd vtip a p\u0159edvedeme v\u00e1m minim\u00e1ln\u011b jeho stou variaci, ur\u010dit\u011b nelze nic nam\u00edtat. Hisp\u00e1nie je obl\u00edbenou destinac\u00ed, tak\u017ee je pravd\u011bpodobn\u00e9, \u017ee b\u011bhem \u010dervna, \u010dervence a srpna se nejsp\u00ed\u0161e pod\u00edv\u00e1me na v\u00fdlet pr\u00e1v\u011b sem. A pro\u010d m\u00ed\u0159it zrovna do Barcelony [&hellip;]","datePublished":"2022-03-15","dateModified":"2023-05-15","author":{"@type":"Person","@id":"https:\/\/www.csadjbc.cz\/author\/#Person","name":"","url":"https:\/\/www.csadjbc.cz\/author\/","identifier":1,"image":{"@type":"ImageObject","@id":"https:\/\/secure.gravatar.com\/avatar\/44215cbfc388d6c267f7eccf0a5fae95a459f733d44435ee1a21bfc9d2aea339?s=96&d=mm&r=g","url":"https:\/\/secure.gravatar.com\/avatar\/44215cbfc388d6c267f7eccf0a5fae95a459f733d44435ee1a21bfc9d2aea339?s=96&d=mm&r=g","height":96,"width":96}},"publisher":{"@type":"Organization","name":"csadjbc.cz","logo":{"@type":"ImageObject","@id":"\/logo.png","url":"\/logo.png","width":600,"height":60}},"image":{"@type":"ImageObject","@id":"https:\/\/www.csadjbc.cz\/wp-content\/uploads\/bilbao_C593Pr.jpg","url":"https:\/\/www.csadjbc.cz\/wp-content\/uploads\/bilbao_C593Pr.jpg","height":0,"width":0},"url":"https:\/\/www.csadjbc.cz\/spanelsko-a-jeho-magicka-mista-to-je-jiste-pohled-pro-bohy\/","about":["Slu\u017eby"],"wordCount":370,"articleBody":"       Kam byste se r\u00e1di vydali na letn\u00ed dovolenou a pro\u010d pr\u00e1v\u011b do \u0160pan\u011blska? Kdy\u017e si vyp\u016fj\u010d\u00edme ok\u0159\u00eddlen\u00fd vtip a p\u0159edvedeme v\u00e1m minim\u00e1ln\u011b jeho stou variaci, ur\u010dit\u011b nelze nic nam\u00edtat. Hisp\u00e1nie je obl\u00edbenou destinac\u00ed, tak\u017ee je pravd\u011bpodobn\u00e9, \u017ee b\u011bhem \u010dervna, \u010dervence a srpna se nejsp\u00ed\u0161e pod\u00edv\u00e1me na v\u00fdlet pr\u00e1v\u011b sem. A pro\u010d m\u00ed\u0159it zrovna do Barcelony nebo Madridu, kdy\u017e se nab\u00edz\u00ed i spoustu jin\u00fdch m\u00edst, kter\u00e1 v\u00e1m dokonale u\u010daruj\u00ed?   Baskick\u00fd region je pln\u00fd zaj\u00edmav\u00fdch p\u0159ekvapen\u00ed Ono nen\u00ed \u0160pan\u011blsko jako \u0160pan\u011blsko, jsou tu jist\u00e9 rozd\u00edly, nejen kulturn\u00ed a etnick\u00e9. Je jasn\u00e9, \u017ee Gal\u00edcie na severoz\u00e1pad\u011b a nap\u0159\u00edklad Katal\u00e1nsko nebo Baskicko, budou m\u00edt \u00fapln\u011b jinou n\u00e1turu. Basky tu mohli potk\u00e1vat u\u017e anti\u010dt\u00ed \u0158\u00edman\u00e9, jde o hrd\u00fd lid, kter\u00fd db\u00e1 na sv\u00e9 tradice a neust\u00e1le bojuje o sv\u00e9 m\u00edsto na slunci. La Rioja pln\u00e1 v\u00edna nebo Navarra, historick\u00e9 centrum, s n\u00edm\u017e se vyd\u00e1me za dob\u00fdv\u00e1n\u00edm poloostrova na necht\u011bn\u00fdch maursk\u00fdch spolumajitel\u00edch, to jsou dv\u011b kl\u00ed\u010dov\u00e1 slova pro pozn\u00e1v\u00e1n\u00ed severov\u00fdchodu \u0161pan\u011blsk\u00e9ho sv\u011bta. A kam se je\u0161t\u011b pod\u00edvat, kdy\u017e se ocitnete mezi Basky?  Samoz\u0159ejm\u011b, na prvn\u00edm m\u00edst\u011b mus\u00ed b\u00fdt jednozna\u010dn\u011b Bilbao, velmi modern\u00ed m\u011bsto a pulzuj\u00edc\u00ed srdce regionu. Guggenheimovo muzeum modern\u00edho um\u011bn\u00ed nav\u0161t\u00edv\u00ed ka\u017edoro\u010dn\u011b tis\u00edce turist\u016f a \u0161iroko daleko nem\u00e1 obdoby, ale nejde zdaleka o jedin\u00e9 l\u00e1kadlo t\u00e9to velk\u00e9 p\u0159\u00edstavn\u00ed oblasti. Gotick\u00e1 katedr\u00e1la ze 14. v\u011bku je dal\u0161\u00ed dominantou. D\u00edky mezin\u00e1rodn\u00edmu leti\u0161ti bude doprava vskutku jednoduch\u00e1, v Bilbau si nakonec u\u017eijete i metro \u2013 rychl\u00e9 p\u0159emis\u0165ov\u00e1n\u00ed se mezi jednotliv\u00fdmi destinacemi je zkr\u00e1tka par\u00e1da. Vzpome\u0148me pak je\u0161t\u011b San Sebastian, dal\u0161\u00ed z pob\u0159e\u017en\u00edch destinac\u00ed, kde je milovn\u00edk\u016fm pl\u00e1\u017e\u00ed opravdu skv\u011ble. Francie je pouh\u00fdch dvacet kilometr\u016f a ve dvan\u00e1ct\u00e9m stolet\u00ed zde zapo\u010dala slavn\u00e1 historie navarrsk\u00e9 koruny.                                                                                                                                                                                                                                                                                                                                                                                          4.2\/5 - (8 votes)        "},{"@context":"https:\/\/schema.org\/","@type":"BreadcrumbList","itemListElement":[{"@type":"ListItem","position":1,"name":"\u0160pan\u011blsko a jeho magick\u00e1 m\u00edsta, to je jist\u011b pohled pro bohy","item":"https:\/\/www.csadjbc.cz\/spanelsko-a-jeho-magicka-mista-to-je-jiste-pohled-pro-bohy\/#breadcrumbitem"}]}]