[{"@context":"https:\/\/schema.org\/","@type":"Article","@id":"https:\/\/www.csadjbc.cz\/jak-si-poradit-s-modernizaci-bytu\/#Article","mainEntityOfPage":"https:\/\/www.csadjbc.cz\/jak-si-poradit-s-modernizaci-bytu\/","headline":"Jak si poradit s modernizac\u00ed bytu?","name":"Jak si poradit s modernizac\u00ed bytu?","description":"V\u011b\u0159te, \u017ee v dob\u011b, kdy jste naposled za\u0159izovali byt, tak mnoho ze sou\u010dasn\u00fdch vychyt\u00e1vek je\u0161t\u011b neexistovalo. Sv\u011bt bydlen\u00ed se neust\u00e1le vyv\u00edj\u00ed a stejn\u011b jako m\u00f3da podl\u00e9h\u00e1 trend\u016fm. M\u00e1te-li v pl\u00e1nu modernizaci bytu, zku\u0161en\u00fd bytov\u00fd architekt z Prahy https:\/\/bydesign.cz\/ v\u00e1m r\u00e1d a snadno porad\u00ed, jak do toho a co pro v\u00e1s bude nejlep\u0161\u00ed. Pod\u00edvejme se na [&hellip;]","datePublished":"2020-06-20","dateModified":"2023-05-15","author":{"@type":"Person","@id":"https:\/\/www.csadjbc.cz\/author\/#Person","name":"","url":"https:\/\/www.csadjbc.cz\/author\/","identifier":1,"image":{"@type":"ImageObject","@id":"https:\/\/secure.gravatar.com\/avatar\/44215cbfc388d6c267f7eccf0a5fae95a459f733d44435ee1a21bfc9d2aea339?s=96&d=mm&r=g","url":"https:\/\/secure.gravatar.com\/avatar\/44215cbfc388d6c267f7eccf0a5fae95a459f733d44435ee1a21bfc9d2aea339?s=96&d=mm&r=g","height":96,"width":96}},"publisher":{"@type":"Organization","name":"csadjbc.cz","logo":{"@type":"ImageObject","@id":"\/logo.png","url":"\/logo.png","width":600,"height":60}},"image":{"@type":"ImageObject","@id":"https:\/\/www.csadjbc.cz\/wp-content\/uploads\/Modern%C3%AD%20bydlen%C3%AD%20interi%C3%A9r.jpg","url":"https:\/\/www.csadjbc.cz\/wp-content\/uploads\/Modern%C3%AD%20bydlen%C3%AD%20interi%C3%A9r.jpg","height":0,"width":0},"url":"https:\/\/www.csadjbc.cz\/jak-si-poradit-s-modernizaci-bytu\/","about":["Zahrada a d\u016fm"],"wordCount":418,"articleBody":"   V\u011b\u0159te, \u017ee v dob\u011b, kdy jste naposled za\u0159izovali byt, tak mnoho ze sou\u010dasn\u00fdch vychyt\u00e1vek je\u0161t\u011b neexistovalo. Sv\u011bt bydlen\u00ed se neust\u00e1le vyv\u00edj\u00ed a stejn\u011b jako m\u00f3da podl\u00e9h\u00e1 trend\u016fm. M\u00e1te-li v pl\u00e1nu modernizaci bytu, zku\u0161en\u00fd bytov\u00fd architekt z Prahy https:\/\/bydesign.cz\/ v\u00e1m r\u00e1d a snadno porad\u00ed, jak do toho a co pro v\u00e1s bude nejlep\u0161\u00ed. Pod\u00edvejme se na z\u00e1klady, kter\u00e9 nesm\u00edte zazd\u00edt.P\u0159\u00edrodn\u00ed materi\u00e1ly vl\u00e1dnou trhuV posledn\u00edch letech se v\u011bt\u0161ina lid\u00ed po cel\u00e9m sv\u011bt\u011b v oblasti interi\u00e9rov\u00e9ho designu vrac\u00ed ke ko\u0159en\u016fm a sna\u017e\u00ed se do m\u00edstnost\u00ed zakomponovat co nejv\u00edc p\u0159\u00edrodn\u00edch materi\u00e1l\u016f. D\u0159ev\u011bn\u00e9 produkty jak\u00e9hokoli typu nav\u00edc m\u016f\u017eete um\u00edstit do ka\u017ed\u00e9ho prostoru. Vyu\u017e\u00edt ho m\u016f\u017eete na velk\u00e9 kusy jako postel, lavice nebo sk\u0159\u00edn\u011b, ale tak\u00e9 jako dekoraci v podob\u011b misek, tal\u00ed\u0159\u016f i osv\u011btlen\u00ed.Jak\u00e9 jsou barvy leto\u0161n\u00edho roku?Ka\u017ed\u00fd rok se nese v duchu jin\u00fdch odst\u00edn\u016f. Letos jde o pastelov\u011b zelenou a hlubinn\u011b modrou. Nebojte, nemus\u00edte jimi hned vymalovat cel\u00fd domov. Budete-li je cht\u00edt n\u011bjak zakomponovat, zkuste sehnat pol\u0161t\u00e1\u0159e nebo h\u0159ejivou deku v jedn\u00e9 z t\u011bchto odst\u00edn\u016f. Zelen\u00e1 navozuje p\u0159\u00edjemnou n\u00e1ladu, zat\u00edmco modr\u00e1 je uklid\u0148uj\u00edc\u00ed. V lo\u017enici i ob\u00fdv\u00e1ku budou vypadat n\u00e1dhern\u011b.Zele\u0148, kam se pod\u00edv\u00e1teRostliny by se m\u011bly st\u00e1t ned\u00edlnou sou\u010d\u00e1st\u00ed ka\u017ed\u00e9ho domova. A nez\u00e1le\u017e\u00ed p\u0159itom na tom, o jak\u00fd druh se bude jednat. M\u016f\u017eete se po\u0159\u00eddit klasick\u00e9 pokojovky, ale tak\u00e9 kaktusy a sukulenty nejr\u016fzn\u011bj\u0161\u00edch tvar\u016f. Velmi obl\u00edbenou se nyn\u00ed stala \u0159asokoule, kterou jen sta\u010d\u00ed m\u00edt v n\u00e1dob\u011b s vodou, kterou jednou za dva t\u00fddny vym\u011bn\u00edte. A sou\u010d\u00e1st\u00ed jej\u00ed p\u00e9\u010de je tak\u00e9 mazlen\u00ed, aby neztratila sv\u016fj tvar.Sklo a sv\u011btlo jde ruku v ruceVelmi modern\u00ed jsou nyn\u00ed sklen\u011bn\u00e1 sv\u00edtidla. Najdete je v r\u016fzn\u00fdch variant\u00e1ch a proveden\u00edch, od nadm\u011brn\u00fdch velikost\u00ed po velmi jemn\u00e9 modely. Velkou v\u00fdhodu p\u0159edstavuj\u00ed zejm\u00e9na proto, \u017ee se hod\u00ed skute\u010dn\u011b v\u0161ude. Nez\u00e1le\u017e\u00ed p\u0159\u00edli\u0161 na tom, jak m\u00e1te stylizovan\u00fd zbytek m\u00edstnosti a stejn\u011b budou zaru\u010den\u011b vypadat \u00fa\u017easn\u011b.                                                                                                                                                                                                                                                                                                                                                                                          4\/5 - (9 votes)        "},{"@context":"https:\/\/schema.org\/","@type":"BreadcrumbList","itemListElement":[{"@type":"ListItem","position":1,"name":"Jak si poradit s modernizac\u00ed bytu?","item":"https:\/\/www.csadjbc.cz\/jak-si-poradit-s-modernizaci-bytu\/#breadcrumbitem"}]}]